{"id":1550,"date":"2021-11-08T13:15:26","date_gmt":"2021-11-08T12:15:26","guid":{"rendered":"http:\/\/www.ainsifutile.com\/?p=1550"},"modified":"2021-12-06T17:29:52","modified_gmt":"2021-12-06T16:29:52","slug":"3-5-12-marche-de-noel-queven","status":"publish","type":"post","link":"https:\/\/www.ainsifutile.com\/?p=1550","title":{"rendered":"3-5.12 March\u00e9 de No\u00ebl Qu\u00e9ven"},"content":{"rendered":"\n<p><\/p>\n\n\n\n<p><strong><span class=\"has-inline-color has-vivid-red-color\">ATTENTION vendredi, les festivit\u00e9s ext\u00e9rieures <\/span><\/strong>sont annul\u00e9es en raison de la m\u00e9t\u00e9o (pluie et fort vent). <\/p>\n\n\n\n<p><strong><span class=\"has-inline-color has-vivid-green-cyan-color\">Le march\u00e9 artisanal ouvre bien ses portes d\u00e8s vendredi \u00e0 17h et je vous y attends !<\/span><\/strong><\/p>\n\n\n\n<figure class=\"wp-block-image size-large\"><img loading=\"lazy\" decoding=\"async\" width=\"569\" height=\"1024\" src=\"https:\/\/www.ainsifutile.com\/wp-content\/uploads\/2021\/11\/NoelQueven-569x1024.jpg\" alt=\"\" class=\"wp-image-1558\" srcset=\"https:\/\/www.ainsifutile.com\/wp-content\/uploads\/2021\/11\/NoelQueven-569x1024.jpg 569w, https:\/\/www.ainsifutile.com\/wp-content\/uploads\/2021\/11\/NoelQueven-167x300.jpg 167w, https:\/\/www.ainsifutile.com\/wp-content\/uploads\/2021\/11\/NoelQueven-768x1383.jpg 768w, https:\/\/www.ainsifutile.com\/wp-content\/uploads\/2021\/11\/NoelQueven-853x1536.jpg 853w, https:\/\/www.ainsifutile.com\/wp-content\/uploads\/2021\/11\/NoelQueven-1138x2048.jpg 1138w, https:\/\/www.ainsifutile.com\/wp-content\/uploads\/2021\/11\/NoelQueven.jpg 1422w\" sizes=\"auto, (max-width: 569px) 100vw, 569px\" \/><\/figure>\n","protected":false},"excerpt":{"rendered":"<p>ATTENTION vendredi, les festivit\u00e9s ext\u00e9rieures sont annul\u00e9es en raison de la m\u00e9t\u00e9o (pluie et fort vent). Le march\u00e9 artisanal ouvre [&hellip;]<\/p>\n","protected":false},"author":1,"featured_media":0,"comment_status":"closed","ping_status":"open","sticky":false,"template":"","format":"standard","meta":{"footnotes":""},"categories":[95],"tags":[169,167,168,170],"class_list":["post-1550","post","type-post","status-publish","format-standard","hentry","category-evenements-passes","tag-3-5-decembre-2021-queven","tag-ainsi-futile-noel-2021","tag-marche-noel-queven-2021","tag-noel-queven-morbihan-2021"],"_links":{"self":[{"href":"https:\/\/www.ainsifutile.com\/index.php?rest_route=\/wp\/v2\/posts\/1550","targetHints":{"allow":["GET"]}}],"collection":[{"href":"https:\/\/www.ainsifutile.com\/index.php?rest_route=\/wp\/v2\/posts"}],"about":[{"href":"https:\/\/www.ainsifutile.com\/index.php?rest_route=\/wp\/v2\/types\/post"}],"author":[{"embeddable":true,"href":"https:\/\/www.ainsifutile.com\/index.php?rest_route=\/wp\/v2\/users\/1"}],"replies":[{"embeddable":true,"href":"https:\/\/www.ainsifutile.com\/index.php?rest_route=%2Fwp%2Fv2%2Fcomments&post=1550"}],"version-history":[{"count":4,"href":"https:\/\/www.ainsifutile.com\/index.php?rest_route=\/wp\/v2\/posts\/1550\/revisions"}],"predecessor-version":[{"id":1568,"href":"https:\/\/www.ainsifutile.com\/index.php?rest_route=\/wp\/v2\/posts\/1550\/revisions\/1568"}],"wp:attachment":[{"href":"https:\/\/www.ainsifutile.com\/index.php?rest_route=%2Fwp%2Fv2%2Fmedia&parent=1550"}],"wp:term":[{"taxonomy":"category","embeddable":true,"href":"https:\/\/www.ainsifutile.com\/index.php?rest_route=%2Fwp%2Fv2%2Fcategories&post=1550"},{"taxonomy":"post_tag","embeddable":true,"href":"https:\/\/www.ainsifutile.com\/index.php?rest_route=%2Fwp%2Fv2%2Ftags&post=1550"}],"curies":[{"name":"wp","href":"https:\/\/api.w.org\/{rel}","templated":true}]}}