{"id":1847,"date":"2025-10-03T14:29:12","date_gmt":"2025-10-03T12:29:12","guid":{"rendered":"https:\/\/www.ainsifutile.com\/?p=1847"},"modified":"2025-11-05T17:16:22","modified_gmt":"2025-11-05T16:16:22","slug":"12-octobre-a-uzes-journee-artistique","status":"publish","type":"post","link":"https:\/\/www.ainsifutile.com\/?p=1847","title":{"rendered":"12 octobre 2025 \u00e0 Uz\u00e8s &#8211; journ\u00e9e artistique"},"content":{"rendered":"\n<p>J&rsquo;ai le grand plaisir d&rsquo;y participer, avec un stand de photographies et cyanotypes,                                  Salle polyvalente, Place de l&rsquo;Ev\u00each\u00e9<\/p>\n\n\n\n<figure class=\"wp-block-image size-full\"><img loading=\"lazy\" decoding=\"async\" width=\"566\" height=\"800\" src=\"https:\/\/www.ainsifutile.com\/wp-content\/uploads\/2025\/10\/Uzes-redim-sites.jpg\" alt=\"\" class=\"wp-image-1846\" srcset=\"https:\/\/www.ainsifutile.com\/wp-content\/uploads\/2025\/10\/Uzes-redim-sites.jpg 566w, https:\/\/www.ainsifutile.com\/wp-content\/uploads\/2025\/10\/Uzes-redim-sites-212x300.jpg 212w\" sizes=\"auto, (max-width: 566px) 100vw, 566px\" \/><\/figure>\n\n\n\n<p>Aper\u00e7u des photos en petits formats ( 13 x 18 cm), que je pr\u00e9senterai, entre autres<\/p>\n\n\n\n<figure class=\"wp-block-image size-full\"><img loading=\"lazy\" decoding=\"async\" width=\"768\" height=\"1024\" src=\"https:\/\/www.ainsifutile.com\/wp-content\/uploads\/2025\/10\/photos-petits-formats.jpg\" alt=\"\" class=\"wp-image-1852\" srcset=\"https:\/\/www.ainsifutile.com\/wp-content\/uploads\/2025\/10\/photos-petits-formats.jpg 768w, https:\/\/www.ainsifutile.com\/wp-content\/uploads\/2025\/10\/photos-petits-formats-225x300.jpg 225w\" sizes=\"auto, (max-width: 768px) 100vw, 768px\" \/><\/figure>\n","protected":false},"excerpt":{"rendered":"<p>J&rsquo;ai le grand plaisir d&rsquo;y participer, avec un stand de photographies et cyanotypes, Salle polyvalente, Place de l&rsquo;Ev\u00each\u00e9 Aper\u00e7u des [&hellip;]<\/p>\n","protected":false},"author":1,"featured_media":0,"comment_status":"closed","ping_status":"open","sticky":false,"template":"","format":"standard","meta":{"footnotes":""},"categories":[95],"tags":[348,347,346,318,349,350,344,345,342],"class_list":["post-1847","post","type-post","status-publish","format-standard","hentry","category-evenements-passes","tag-artistes-uzes","tag-createurs-occitanie","tag-createurs-uzes","tag-cyanotypes-ainsi-futile","tag-cyanotypes-corinne-beguin","tag-expo-photo","tag-expo-uzes","tag-journee-artistique-uzes","tag-photographies-corinne-beguin"],"_links":{"self":[{"href":"https:\/\/www.ainsifutile.com\/index.php?rest_route=\/wp\/v2\/posts\/1847","targetHints":{"allow":["GET"]}}],"collection":[{"href":"https:\/\/www.ainsifutile.com\/index.php?rest_route=\/wp\/v2\/posts"}],"about":[{"href":"https:\/\/www.ainsifutile.com\/index.php?rest_route=\/wp\/v2\/types\/post"}],"author":[{"embeddable":true,"href":"https:\/\/www.ainsifutile.com\/index.php?rest_route=\/wp\/v2\/users\/1"}],"replies":[{"embeddable":true,"href":"https:\/\/www.ainsifutile.com\/index.php?rest_route=%2Fwp%2Fv2%2Fcomments&post=1847"}],"version-history":[{"count":3,"href":"https:\/\/www.ainsifutile.com\/index.php?rest_route=\/wp\/v2\/posts\/1847\/revisions"}],"predecessor-version":[{"id":1855,"href":"https:\/\/www.ainsifutile.com\/index.php?rest_route=\/wp\/v2\/posts\/1847\/revisions\/1855"}],"wp:attachment":[{"href":"https:\/\/www.ainsifutile.com\/index.php?rest_route=%2Fwp%2Fv2%2Fmedia&parent=1847"}],"wp:term":[{"taxonomy":"category","embeddable":true,"href":"https:\/\/www.ainsifutile.com\/index.php?rest_route=%2Fwp%2Fv2%2Fcategories&post=1847"},{"taxonomy":"post_tag","embeddable":true,"href":"https:\/\/www.ainsifutile.com\/index.php?rest_route=%2Fwp%2Fv2%2Ftags&post=1847"}],"curies":[{"name":"wp","href":"https:\/\/api.w.org\/{rel}","templated":true}]}}